{"id":6918,"date":"2026-09-01T14:43:08","date_gmt":"2026-09-01T14:43:08","guid":{"rendered":"https:\/\/arquidiocesisdelahabana.org\/salvar-a-mi-hermano-2\/"},"modified":"2026-09-01T14:43:46","modified_gmt":"2026-09-01T14:43:46","slug":"salvar-a-mi-hermano-2","status":"publish","type":"post","link":"https:\/\/arquidiocesisdelahabana.org\/en\/salvar-a-mi-hermano-2\/","title":{"rendered":"Salvar a mi hermano"},"content":{"rendered":"<div class=\"xdj266r x14z9mp xat24cr x1lziwak x1vvkbs x126k92a\">\n<div dir=\"auto\">Cinco a\u00f1os despu\u00e9s el Proyecto &#8220;Salvar a mi hermano&#8221; sigue sumando y cultivando amor en distintas comunidades de la Arquidi\u00f3cesis de La Habana.<\/div>\n<div dir=\"auto\"><\/div>\n<\/div>\n<div class=\"x14z9mp xat24cr x1lziwak x1vvkbs xtlvy1s x126k92a\">\n<div dir=\"auto\">Hoy, 29 de agosto se celebr\u00f3, en la Iglesia de Cristo de Limpias, el 5to aniversario del proyecto que naci\u00f3 en medio de la pandemia del COVID-19 para ayudar a las personas desprotegidas.<\/div>\n<div dir=\"auto\"><\/div>\n<\/div>\n<div class=\"x14z9mp xat24cr x1lziwak x1vvkbs xtlvy1s x126k92a\">\n<div dir=\"auto\">La Santa Misa fue presidida por Mons. Juan de la Caridad Garc\u00eda, Arzobispo de la Habana. En homil\u00eda expres\u00f3:<\/div>\n<div dir=\"auto\"><\/div>\n<\/div>\n<div class=\"x14z9mp xat24cr x1lziwak x1vvkbs xtlvy1s x126k92a\">\n<div dir=\"auto\">&#8220;Dios nos dice: Te quiero mucho. No sabemos nosotros cu\u00e1ntos latidos da el coraz\u00f3n en un minuto y eso quiere decir que todas esas veces Dios nos dice: Te quiero mucho&#8221;.<\/div>\n<div dir=\"auto\"><\/div>\n<\/div>\n<div class=\"x14z9mp xat24cr x1lziwak x1vvkbs xtlvy1s x126k92a\">\n<div dir=\"auto\"><span class=\"html-span xexx8yu xyri2b x18d9i69 x1c1uobl x1hl2dhg x16tdsg8 x1vvkbs x3nfvp2 x1j61x8r x1fcty0u xdj266r xat24cr xm2jcoa x1mpyi22 xxymvpz xlup9mm x1kky2od\"><img decoding=\"async\" class=\"xz74otr x15mokao x1ga7v0g x16uus16 xbiv7yw\" src=\"https:\/\/static.xx.fbcdn.net\/images\/emoji.php\/v9\/tcd\/1\/16\/25ab.png\" alt=\"&#x25ab;&#xfe0f;\" width=\"16\" height=\"16\" \/><\/span>Cuando las personas dejan entrar a Cristo en su coraz\u00f3n el bien acontece. Es as\u00ed que el cardenal quiso exponer el bien que hace el Proyecto Salvar a mi hermano.<\/div>\n<div dir=\"auto\"><\/div>\n<\/div>\n<div class=\"x14z9mp xat24cr x1lziwak x1vvkbs xtlvy1s x126k92a\">\n<div dir=\"auto\">&#8220;Cada vez que hacemos el bien nuestro rostro resplandece.<\/div>\n<div dir=\"auto\"><\/div>\n<div dir=\"auto\">A veces el mejor auxilio que podemos dar es un consejo, decirle que Dios te ama, que yo te acompa\u00f1o en medio de tu dolor, de tu tristeza, pero nunca hagas el mal.<\/div>\n<div dir=\"auto\"><\/div>\n<div dir=\"auto\">Dios cre\u00f3 el sol para que diera luz, cre\u00f3 el coraz\u00f3n para que latiera, cre\u00f3 a las personas para que hicieran el bien&#8221;.<\/div>\n<div dir=\"auto\"><\/div>\n<\/div>\n<div class=\"x14z9mp xat24cr x1lziwak x1vvkbs xtlvy1s x126k92a\">\n<div dir=\"auto\">Cada uno sabe lo que ha hecho en favor de los dem\u00e1s. Cu\u00e9ntale hoy a Dios todo el bien que has hecho y todo el bien que has recibido.<\/div>\n<\/div>\n<div dir=\"auto\"><\/div>\n<div dir=\"auto\">Tomado de Facebook: P\u00e1gina de la Arquidi\u00f3cesis de La Habana<\/div>\n","protected":false},"excerpt":{"rendered":"<p>Cinco a\u00f1os despu\u00e9s el Proyecto &#8220;Salvar a mi hermano&#8221; sigue sumando y cultivando amor en distintas comunidades de la Arquidi\u00f3cesis<\/p>\n","protected":false},"author":3,"featured_media":6916,"comment_status":"open","ping_status":"open","sticky":false,"template":"","format":"standard","meta":{"footnotes":""},"categories":[166],"tags":[],"class_list":["post-6918","post","type-post","status-publish","format-standard","has-post-thumbnail","hentry","category-news"],"yoast_head":"<!-- This site is optimized with the Yoast SEO Premium plugin v25.1 (Yoast SEO v28.4) - https:\/\/yoast.com\/product\/yoast-seo-premium-wordpress\/ -->\n<title>Salvar a mi hermano - Arquidi\u00f3cesis de San Crist\u00f3bal de La Habana<\/title>\n<meta name=\"description\" content=\"Cinco a\u00f1os despu\u00e9s el Proyecto &quot;Salvar a mi hermano&quot; sigue sumando y cultivando amor en distintas comunidades\" \/>\n<meta name=\"robots\" content=\"index, follow, max-snippet:-1, max-image-preview:large, max-video-preview:-1\" \/>\n<link rel=\"canonical\" href=\"https:\/\/arquidiocesisdelahabana.org\/en\/salvar-a-mi-hermano-2\/\" \/>\n<meta property=\"og:locale\" content=\"en_US\" \/>\n<meta property=\"og:type\" content=\"article\" \/>\n<meta property=\"og:title\" content=\"Salvar a mi hermano\" \/>\n<meta property=\"og:description\" content=\"Cinco a\u00f1os despu\u00e9s el Proyecto &quot;Salvar a mi hermano&quot; sigue sumando y cultivando amor en distintas comunidades\" \/>\n<meta property=\"og:url\" content=\"https:\/\/arquidiocesisdelahabana.org\/en\/salvar-a-mi-hermano-2\/\" \/>\n<meta property=\"og:site_name\" content=\"Arquidi\u00f3cesis de San Crist\u00f3bal de La Habana\" \/>\n<meta property=\"article:published_time\" content=\"2026-09-01T14:43:08+00:00\" \/>\n<meta property=\"article:modified_time\" content=\"2026-09-01T14:43:46+00:00\" \/>\n<meta property=\"og:image\" content=\"https:\/\/arquidiocesisdelahabana.org\/wp-content\/uploads\/2026\/09\/Salvar-a-mi-hermano.jpg\" \/>\n\t<meta property=\"og:image:width\" content=\"1920\" \/>\n\t<meta property=\"og:image:height\" content=\"1215\" \/>\n\t<meta property=\"og:image:type\" content=\"image\/jpeg\" \/>\n<meta name=\"author\" content=\"NIDAK\" \/>\n<meta name=\"twitter:card\" content=\"summary_large_image\" \/>\n<meta name=\"twitter:label1\" content=\"Written by\" \/>\n\t<meta name=\"twitter:data1\" content=\"NIDAK\" \/>\n\t<meta name=\"twitter:label2\" content=\"Est. reading time\" \/>\n\t<meta name=\"twitter:data2\" content=\"2 minutes\" \/>\n<script type=\"application\/ld+json\" class=\"yoast-schema-graph\">{\"@context\":\"https:\\\/\\\/schema.org\",\"@graph\":[{\"@type\":\"Article\",\"@id\":\"https:\\\/\\\/arquidiocesisdelahabana.org\\\/en\\\/salvar-a-mi-hermano-2\\\/#article\",\"isPartOf\":{\"@id\":\"https:\\\/\\\/arquidiocesisdelahabana.org\\\/en\\\/salvar-a-mi-hermano-2\\\/\"},\"author\":{\"name\":\"NIDAK\",\"@id\":\"https:\\\/\\\/arquidiocesisdelahabana.org\\\/en\\\/#\\\/schema\\\/person\\\/16a7cac302bbce6cb62ae3e1ec4beaa7\"},\"headline\":\"Salvar a mi hermano\",\"datePublished\":\"2026-09-01T14:43:08+00:00\",\"dateModified\":\"2026-09-01T14:43:46+00:00\",\"mainEntityOfPage\":{\"@id\":\"https:\\\/\\\/arquidiocesisdelahabana.org\\\/en\\\/salvar-a-mi-hermano-2\\\/\"},\"wordCount\":257,\"commentCount\":0,\"publisher\":{\"@id\":\"https:\\\/\\\/arquidiocesisdelahabana.org\\\/en\\\/#organization\"},\"image\":{\"@id\":\"https:\\\/\\\/arquidiocesisdelahabana.org\\\/en\\\/salvar-a-mi-hermano-2\\\/#primaryimage\"},\"thumbnailUrl\":\"https:\\\/\\\/arquidiocesisdelahabana.org\\\/wp-content\\\/uploads\\\/2026\\\/09\\\/Salvar-a-mi-hermano.jpg\",\"articleSection\":[\"News\"],\"inLanguage\":\"en-US\",\"potentialAction\":[{\"@type\":\"CommentAction\",\"name\":\"Comment\",\"target\":[\"https:\\\/\\\/arquidiocesisdelahabana.org\\\/en\\\/salvar-a-mi-hermano-2\\\/#respond\"]}]},{\"@type\":\"WebPage\",\"@id\":\"https:\\\/\\\/arquidiocesisdelahabana.org\\\/en\\\/salvar-a-mi-hermano-2\\\/\",\"url\":\"https:\\\/\\\/arquidiocesisdelahabana.org\\\/en\\\/salvar-a-mi-hermano-2\\\/\",\"name\":\"Salvar a mi hermano - Arquidi\u00f3cesis de San Crist\u00f3bal de La Habana\",\"isPartOf\":{\"@id\":\"https:\\\/\\\/arquidiocesisdelahabana.org\\\/en\\\/#website\"},\"primaryImageOfPage\":{\"@id\":\"https:\\\/\\\/arquidiocesisdelahabana.org\\\/en\\\/salvar-a-mi-hermano-2\\\/#primaryimage\"},\"image\":{\"@id\":\"https:\\\/\\\/arquidiocesisdelahabana.org\\\/en\\\/salvar-a-mi-hermano-2\\\/#primaryimage\"},\"thumbnailUrl\":\"https:\\\/\\\/arquidiocesisdelahabana.org\\\/wp-content\\\/uploads\\\/2026\\\/09\\\/Salvar-a-mi-hermano.jpg\",\"datePublished\":\"2026-09-01T14:43:08+00:00\",\"dateModified\":\"2026-09-01T14:43:46+00:00\",\"description\":\"Cinco a\u00f1os despu\u00e9s el Proyecto \\\"Salvar a mi hermano\\\" sigue sumando y cultivando amor en distintas comunidades\",\"breadcrumb\":{\"@id\":\"https:\\\/\\\/arquidiocesisdelahabana.org\\\/en\\\/salvar-a-mi-hermano-2\\\/#breadcrumb\"},\"inLanguage\":\"en-US\",\"potentialAction\":[{\"@type\":\"ReadAction\",\"target\":[\"https:\\\/\\\/arquidiocesisdelahabana.org\\\/en\\\/salvar-a-mi-hermano-2\\\/\"]}]},{\"@type\":\"ImageObject\",\"inLanguage\":\"en-US\",\"@id\":\"https:\\\/\\\/arquidiocesisdelahabana.org\\\/en\\\/salvar-a-mi-hermano-2\\\/#primaryimage\",\"url\":\"https:\\\/\\\/arquidiocesisdelahabana.org\\\/wp-content\\\/uploads\\\/2026\\\/09\\\/Salvar-a-mi-hermano.jpg\",\"contentUrl\":\"https:\\\/\\\/arquidiocesisdelahabana.org\\\/wp-content\\\/uploads\\\/2026\\\/09\\\/Salvar-a-mi-hermano.jpg\",\"width\":1920,\"height\":1215},{\"@type\":\"BreadcrumbList\",\"@id\":\"https:\\\/\\\/arquidiocesisdelahabana.org\\\/en\\\/salvar-a-mi-hermano-2\\\/#breadcrumb\",\"itemListElement\":[{\"@type\":\"ListItem\",\"position\":1,\"name\":\"Portada\",\"item\":\"https:\\\/\\\/arquidiocesisdelahabana.org\\\/en\\\/archdiocese-of-san-cristobal-de-la-habana\\\/\"},{\"@type\":\"ListItem\",\"position\":2,\"name\":\"Salvar a mi hermano\"}]},{\"@type\":\"WebSite\",\"@id\":\"https:\\\/\\\/arquidiocesisdelahabana.org\\\/en\\\/#website\",\"url\":\"https:\\\/\\\/arquidiocesisdelahabana.org\\\/en\\\/\",\"name\":\"Arquidi\u00f3cesis de San Crist\u00f3bal de La Habana\",\"description\":\"Web Oficial de la Arquidi\u00f3cesis de La Habana\",\"publisher\":{\"@id\":\"https:\\\/\\\/arquidiocesisdelahabana.org\\\/en\\\/#organization\"},\"potentialAction\":[{\"@type\":\"SearchAction\",\"target\":{\"@type\":\"EntryPoint\",\"urlTemplate\":\"https:\\\/\\\/arquidiocesisdelahabana.org\\\/en\\\/?s={search_term_string}\"},\"query-input\":{\"@type\":\"PropertyValueSpecification\",\"valueRequired\":true,\"valueName\":\"search_term_string\"}}],\"inLanguage\":\"en-US\"},{\"@type\":\"Organization\",\"@id\":\"https:\\\/\\\/arquidiocesisdelahabana.org\\\/en\\\/#organization\",\"name\":\"Archdiocese of San Crist\u00f3bal de La Habana\",\"url\":\"https:\\\/\\\/arquidiocesisdelahabana.org\\\/en\\\/\",\"logo\":{\"@type\":\"ImageObject\",\"inLanguage\":\"en-US\",\"@id\":\"https:\\\/\\\/arquidiocesisdelahabana.org\\\/en\\\/#\\\/schema\\\/logo\\\/image\\\/\",\"url\":\"https:\\\/\\\/arquidiocesisdelahabana.org\\\/wp-content\\\/uploads\\\/2019\\\/11\\\/banner.jpg\",\"contentUrl\":\"https:\\\/\\\/arquidiocesisdelahabana.org\\\/wp-content\\\/uploads\\\/2019\\\/11\\\/banner.jpg\",\"width\":1920,\"height\":324,\"caption\":\"Archdiocese of San Crist\u00f3bal de La Habana\"},\"image\":{\"@id\":\"https:\\\/\\\/arquidiocesisdelahabana.org\\\/en\\\/#\\\/schema\\\/logo\\\/image\\\/\"},\"description\":\"The archdiocese of San Crist\u00f3bal de La Habana, Cuba, was established in 1787. Led by its first bishop, Felipe Jos\u00e9 de Trespalacios y Verdeja, it serves as a beacon of faith and unity in the Catholic community of Havana.\",\"email\":\"info@arqhabana.org\",\"telephone\":\"(53 7) 862-4000\",\"legalName\":\"Arquidi\u00f3cesis de San Crist\u00f3bal de La Habana\",\"foundingDate\":\"1787-10-09\"},{\"@type\":\"Person\",\"@id\":\"https:\\\/\\\/arquidiocesisdelahabana.org\\\/en\\\/#\\\/schema\\\/person\\\/16a7cac302bbce6cb62ae3e1ec4beaa7\",\"name\":\"NIDAK\",\"image\":{\"@type\":\"ImageObject\",\"inLanguage\":\"en-US\",\"@id\":\"https:\\\/\\\/secure.gravatar.com\\\/avatar\\\/f3a663628fbeb50d5228861fcb2d5e56171fdd4d36f66d7ec7d73f7b8b5a4616?s=96&d=mm&r=g\",\"url\":\"https:\\\/\\\/secure.gravatar.com\\\/avatar\\\/f3a663628fbeb50d5228861fcb2d5e56171fdd4d36f66d7ec7d73f7b8b5a4616?s=96&d=mm&r=g\",\"contentUrl\":\"https:\\\/\\\/secure.gravatar.com\\\/avatar\\\/f3a663628fbeb50d5228861fcb2d5e56171fdd4d36f66d7ec7d73f7b8b5a4616?s=96&d=mm&r=g\",\"caption\":\"NIDAK\"},\"sameAs\":[\"NIDAK DESIGN\"],\"url\":\"https:\\\/\\\/arquidiocesisdelahabana.org\\\/en\\\/author\\\/webmaster\\\/\"}]}<\/script>\n<!-- \/ Yoast SEO Premium plugin. -->","yoast_head_json":{"title":"Salvar a mi hermano - Arquidi\u00f3cesis de San Crist\u00f3bal de La Habana","description":"Cinco a\u00f1os despu\u00e9s el Proyecto \"Salvar a mi hermano\" sigue sumando y cultivando amor en distintas comunidades","robots":{"index":"index","follow":"follow","max-snippet":"max-snippet:-1","max-image-preview":"max-image-preview:large","max-video-preview":"max-video-preview:-1"},"canonical":"https:\/\/arquidiocesisdelahabana.org\/en\/salvar-a-mi-hermano-2\/","og_locale":"en_US","og_type":"article","og_title":"Salvar a mi hermano","og_description":"Cinco a\u00f1os despu\u00e9s el Proyecto \"Salvar a mi hermano\" sigue sumando y cultivando amor en distintas comunidades","og_url":"https:\/\/arquidiocesisdelahabana.org\/en\/salvar-a-mi-hermano-2\/","og_site_name":"Arquidi\u00f3cesis de San Crist\u00f3bal de La Habana","article_published_time":"2026-09-01T14:43:08+00:00","article_modified_time":"2026-09-01T14:43:46+00:00","og_image":[{"width":1920,"height":1215,"url":"https:\/\/arquidiocesisdelahabana.org\/wp-content\/uploads\/2026\/09\/Salvar-a-mi-hermano.jpg","type":"image\/jpeg"}],"author":"NIDAK","twitter_card":"summary_large_image","twitter_misc":{"Written by":"NIDAK","Est. reading time":"2 minutes"},"schema":{"@context":"https:\/\/schema.org","@graph":[{"@type":"Article","@id":"https:\/\/arquidiocesisdelahabana.org\/en\/salvar-a-mi-hermano-2\/#article","isPartOf":{"@id":"https:\/\/arquidiocesisdelahabana.org\/en\/salvar-a-mi-hermano-2\/"},"author":{"name":"NIDAK","@id":"https:\/\/arquidiocesisdelahabana.org\/en\/#\/schema\/person\/16a7cac302bbce6cb62ae3e1ec4beaa7"},"headline":"Salvar a mi hermano","datePublished":"2026-09-01T14:43:08+00:00","dateModified":"2026-09-01T14:43:46+00:00","mainEntityOfPage":{"@id":"https:\/\/arquidiocesisdelahabana.org\/en\/salvar-a-mi-hermano-2\/"},"wordCount":257,"commentCount":0,"publisher":{"@id":"https:\/\/arquidiocesisdelahabana.org\/en\/#organization"},"image":{"@id":"https:\/\/arquidiocesisdelahabana.org\/en\/salvar-a-mi-hermano-2\/#primaryimage"},"thumbnailUrl":"https:\/\/arquidiocesisdelahabana.org\/wp-content\/uploads\/2026\/09\/Salvar-a-mi-hermano.jpg","articleSection":["News"],"inLanguage":"en-US","potentialAction":[{"@type":"CommentAction","name":"Comment","target":["https:\/\/arquidiocesisdelahabana.org\/en\/salvar-a-mi-hermano-2\/#respond"]}]},{"@type":"WebPage","@id":"https:\/\/arquidiocesisdelahabana.org\/en\/salvar-a-mi-hermano-2\/","url":"https:\/\/arquidiocesisdelahabana.org\/en\/salvar-a-mi-hermano-2\/","name":"Salvar a mi hermano - Arquidi\u00f3cesis de San Crist\u00f3bal de La Habana","isPartOf":{"@id":"https:\/\/arquidiocesisdelahabana.org\/en\/#website"},"primaryImageOfPage":{"@id":"https:\/\/arquidiocesisdelahabana.org\/en\/salvar-a-mi-hermano-2\/#primaryimage"},"image":{"@id":"https:\/\/arquidiocesisdelahabana.org\/en\/salvar-a-mi-hermano-2\/#primaryimage"},"thumbnailUrl":"https:\/\/arquidiocesisdelahabana.org\/wp-content\/uploads\/2026\/09\/Salvar-a-mi-hermano.jpg","datePublished":"2026-09-01T14:43:08+00:00","dateModified":"2026-09-01T14:43:46+00:00","description":"Cinco a\u00f1os despu\u00e9s el Proyecto \"Salvar a mi hermano\" sigue sumando y cultivando amor en distintas comunidades","breadcrumb":{"@id":"https:\/\/arquidiocesisdelahabana.org\/en\/salvar-a-mi-hermano-2\/#breadcrumb"},"inLanguage":"en-US","potentialAction":[{"@type":"ReadAction","target":["https:\/\/arquidiocesisdelahabana.org\/en\/salvar-a-mi-hermano-2\/"]}]},{"@type":"ImageObject","inLanguage":"en-US","@id":"https:\/\/arquidiocesisdelahabana.org\/en\/salvar-a-mi-hermano-2\/#primaryimage","url":"https:\/\/arquidiocesisdelahabana.org\/wp-content\/uploads\/2026\/09\/Salvar-a-mi-hermano.jpg","contentUrl":"https:\/\/arquidiocesisdelahabana.org\/wp-content\/uploads\/2026\/09\/Salvar-a-mi-hermano.jpg","width":1920,"height":1215},{"@type":"BreadcrumbList","@id":"https:\/\/arquidiocesisdelahabana.org\/en\/salvar-a-mi-hermano-2\/#breadcrumb","itemListElement":[{"@type":"ListItem","position":1,"name":"Portada","item":"https:\/\/arquidiocesisdelahabana.org\/en\/archdiocese-of-san-cristobal-de-la-habana\/"},{"@type":"ListItem","position":2,"name":"Salvar a mi hermano"}]},{"@type":"WebSite","@id":"https:\/\/arquidiocesisdelahabana.org\/en\/#website","url":"https:\/\/arquidiocesisdelahabana.org\/en\/","name":"Arquidi\u00f3cesis de San Crist\u00f3bal de La Habana","description":"Web Oficial de la Arquidi\u00f3cesis de La Habana","publisher":{"@id":"https:\/\/arquidiocesisdelahabana.org\/en\/#organization"},"potentialAction":[{"@type":"SearchAction","target":{"@type":"EntryPoint","urlTemplate":"https:\/\/arquidiocesisdelahabana.org\/en\/?s={search_term_string}"},"query-input":{"@type":"PropertyValueSpecification","valueRequired":true,"valueName":"search_term_string"}}],"inLanguage":"en-US"},{"@type":"Organization","@id":"https:\/\/arquidiocesisdelahabana.org\/en\/#organization","name":"Archdiocese of San Crist\u00f3bal de La Habana","url":"https:\/\/arquidiocesisdelahabana.org\/en\/","logo":{"@type":"ImageObject","inLanguage":"en-US","@id":"https:\/\/arquidiocesisdelahabana.org\/en\/#\/schema\/logo\/image\/","url":"https:\/\/arquidiocesisdelahabana.org\/wp-content\/uploads\/2019\/11\/banner.jpg","contentUrl":"https:\/\/arquidiocesisdelahabana.org\/wp-content\/uploads\/2019\/11\/banner.jpg","width":1920,"height":324,"caption":"Archdiocese of San Crist\u00f3bal de La Habana"},"image":{"@id":"https:\/\/arquidiocesisdelahabana.org\/en\/#\/schema\/logo\/image\/"},"description":"The archdiocese of San Crist\u00f3bal de La Habana, Cuba, was established in 1787. Led by its first bishop, Felipe Jos\u00e9 de Trespalacios y Verdeja, it serves as a beacon of faith and unity in the Catholic community of Havana.","email":"info@arqhabana.org","telephone":"(53 7) 862-4000","legalName":"Arquidi\u00f3cesis de San Crist\u00f3bal de La Habana","foundingDate":"1787-10-09"},{"@type":"Person","@id":"https:\/\/arquidiocesisdelahabana.org\/en\/#\/schema\/person\/16a7cac302bbce6cb62ae3e1ec4beaa7","name":"NIDAK","image":{"@type":"ImageObject","inLanguage":"en-US","@id":"https:\/\/secure.gravatar.com\/avatar\/f3a663628fbeb50d5228861fcb2d5e56171fdd4d36f66d7ec7d73f7b8b5a4616?s=96&d=mm&r=g","url":"https:\/\/secure.gravatar.com\/avatar\/f3a663628fbeb50d5228861fcb2d5e56171fdd4d36f66d7ec7d73f7b8b5a4616?s=96&d=mm&r=g","contentUrl":"https:\/\/secure.gravatar.com\/avatar\/f3a663628fbeb50d5228861fcb2d5e56171fdd4d36f66d7ec7d73f7b8b5a4616?s=96&d=mm&r=g","caption":"NIDAK"},"sameAs":["NIDAK DESIGN"],"url":"https:\/\/arquidiocesisdelahabana.org\/en\/author\/webmaster\/"}]}},"_links":{"self":[{"href":"https:\/\/arquidiocesisdelahabana.org\/en\/wp-json\/wp\/v2\/posts\/6918","targetHints":{"allow":["GET"]}}],"collection":[{"href":"https:\/\/arquidiocesisdelahabana.org\/en\/wp-json\/wp\/v2\/posts"}],"about":[{"href":"https:\/\/arquidiocesisdelahabana.org\/en\/wp-json\/wp\/v2\/types\/post"}],"author":[{"embeddable":true,"href":"https:\/\/arquidiocesisdelahabana.org\/en\/wp-json\/wp\/v2\/users\/3"}],"replies":[{"embeddable":true,"href":"https:\/\/arquidiocesisdelahabana.org\/en\/wp-json\/wp\/v2\/comments?post=6918"}],"version-history":[{"count":1,"href":"https:\/\/arquidiocesisdelahabana.org\/en\/wp-json\/wp\/v2\/posts\/6918\/revisions"}],"predecessor-version":[{"id":6919,"href":"https:\/\/arquidiocesisdelahabana.org\/en\/wp-json\/wp\/v2\/posts\/6918\/revisions\/6919"}],"wp:featuredmedia":[{"embeddable":true,"href":"https:\/\/arquidiocesisdelahabana.org\/en\/wp-json\/wp\/v2\/media\/6916"}],"wp:attachment":[{"href":"https:\/\/arquidiocesisdelahabana.org\/en\/wp-json\/wp\/v2\/media?parent=6918"}],"wp:term":[{"taxonomy":"category","embeddable":true,"href":"https:\/\/arquidiocesisdelahabana.org\/en\/wp-json\/wp\/v2\/categories?post=6918"},{"taxonomy":"post_tag","embeddable":true,"href":"https:\/\/arquidiocesisdelahabana.org\/en\/wp-json\/wp\/v2\/tags?post=6918"}],"curies":[{"name":"wp","href":"https:\/\/api.w.org\/{rel}","templated":true}]}}